{"id":11230,"date":"2026-08-18T07:49:59","date_gmt":"2026-08-18T05:49:59","guid":{"rendered":"https:\/\/ryzowaszczotka.pl\/?p=11230"},"modified":"2026-08-18T07:49:59","modified_gmt":"2026-08-18T05:49:59","slug":"widzew-mieli-ligowe-gory-przenosic-na-razie-okazuje-sie-ze-nawet-pagorki-sa-dla-nich-trudne-do-pokonania","status":"publish","type":"post","link":"https:\/\/ryzowaszczotka.pl\/?p=11230","title":{"rendered":"Widzew. Mieli ligowe g\u00f3ry przenosi\u0107. Na razie okazuje si\u0119, \u017ce nawet pag\u00f3rki s\u0105 dla nich trudne do pokonania"},"content":{"rendered":"\n<figure class=\"wp-block-image size-full\"><img loading=\"lazy\" decoding=\"async\" width=\"800\" height=\"533\" src=\"https:\/\/ryzowaszczotka.pl\/wp-content\/uploads\/2026\/08\/dragowskiKor.jpg\" alt=\"\" class=\"wp-image-11231\" srcset=\"https:\/\/ryzowaszczotka.pl\/wp-content\/uploads\/2026\/08\/dragowskiKor.jpg 800w, https:\/\/ryzowaszczotka.pl\/wp-content\/uploads\/2026\/08\/dragowskiKor-300x200.jpg 300w, https:\/\/ryzowaszczotka.pl\/wp-content\/uploads\/2026\/08\/dragowskiKor-768x512.jpg 768w, https:\/\/ryzowaszczotka.pl\/wp-content\/uploads\/2026\/08\/dragowskiKor-676x450.jpg 676w\" sizes=\"auto, (max-width: 800px) 100vw, 800px\" \/><\/figure>\n\n\n\n<p class=\"wp-block-paragraph\">Fot. Martyna Kowalska, widzew.com<\/p>\n\n\n\n<p class=\"wp-block-paragraph\">Mia\u0142o by\u0107 lepiej, a nie jest&#8230; dobrze. Mo\u017cna po pora\u017cce z Koron\u0105 patrze\u0107 z niepokojem na to, co dalej z Widzewem. Trudno, \u017ceby by\u0142o inaczej, skoro w kolejnym meczu najlepszym pi\u0142karzem \u0141odzian jest bramkarz &#8211; Bart\u0142omiej Dr\u0105gowski. Nie uchroni\u0142 niestety zespo\u0142u przed pora\u017ck\u0105, ale uchroni\u0142 przed&#8230; kompromitacj\u0105. Miejsce w bramce reprezentacji Polski by\u0107 musi i ju\u017c.<\/p>\n\n\n\n<p class=\"wp-block-paragraph\">Pora\u017cka martwi, a zastanawia 70-minutowa zapa\u015b\u0107 \u0141odzian, kt\u00f3rzy nie potrafili przej\u0105\u0107 inicjatywy i odwr\u00f3ci\u0107 los\u00f3w spotkania. Dlaczego si\u0119 tak sta\u0142o? Ano dlatego, \u017ce druga linia w swojej \u015brodkowej strefie gra\u0142a s\u0142abo, s\u0142abiusie\u0144ko.<\/p>\n\n\n\n<p class=\"wp-block-paragraph\">Trzeba to powiedzie\u0107 wprost, \u017ce kapitan, kt\u00f3ry powinien dawa\u0107 przyk\u0142ad czyli Juljan Shehu by\u0142 jednym z najs\u0142abszych pi\u0142karzy na boisku. Denerwuj\u0105co \u017ale rozgrywa\u0142 pi\u0142ki, na dodatek zapisa\u0142 si\u0119 do futbolowego Klubu Cz\u0142apak\u00f3w. Zosta\u0142 na placu do ko\u0144ca, bo ma opask\u0119?! To ca\u0142e przedsezonowe kruszenie kopii, \u017ceby go zatrzyma\u0107 w zespole wygl\u0105da po tym spotkaniu troch\u0119&#8230; bez sensu.<\/p>\n\n\n\n<p class=\"wp-block-paragraph\">Zaraz, zaraz, a Fran Alvarez czy Emil Kornvig? Wcale nie lepsi. Jak w tej sytuacji marzy\u0107 o skromnym ligowym sukcesie, czyli wygranej z niewygodnym ligowym przeci\u0119tniakiem?!<\/p>\n\n\n\n<p class=\"wp-block-paragraph\">Mieli\u015bmy ligowe g\u00f3ry przenosi\u0107. Na razie okazuje si\u0119, \u017ce nawet pag\u00f3rki s\u0105 dla nas trudne do pokonania. Co b\u0119dzie dalej? 5. kolejka PKO BP Ekstraklasy: \u015al\u0105sk Wroc\u0142aw &#8211; Widzew \u0141\u00f3d\u017a, sobota, 22 sierpnia, godz. 20.15. 6. kolejka PKO BP Ekstraklasy: Widzew \u0141\u00f3d\u017a &#8211; Lech Pozna\u0144, niedziela, 30 sierpnia, godz. 20.15. 7. kolejka PKO BP Ekstraklasy: Widzew \u0141\u00f3d\u017a &#8211; Radomiak Radom, sobota, 5 wrze\u015bnia, godz. 14.45.<\/p>\n","protected":false},"excerpt":{"rendered":"<p>Fot. Martyna Kowalska, widzew.com Mia\u0142o by\u0107 lepiej, a nie jest&#8230; dobrze. Mo\u017cna po pora\u017cce z Koron\u0105 patrze\u0107 z niepokojem na to, co dalej z Widzewem. Trudno, \u017ceby by\u0142o inaczej, skoro w kolejnym meczu najlepszym pi\u0142karzem \u0141odzian jest bramkarz &#8211; Bart\u0142omiej Dr\u0105gowski. Nie uchroni\u0142 niestety zespo\u0142u przed pora\u017ck\u0105, ale uchroni\u0142 przed&#8230; kompromitacj\u0105. Miejsce w bramce reprezentacji [&hellip;]<\/p>\n","protected":false},"author":1,"featured_media":0,"comment_status":"open","ping_status":"open","sticky":false,"template":"","format":"standard","meta":{"footnotes":""},"categories":[1],"tags":[20,15,10,18,474,694,2566],"class_list":["post-11230","post","type-post","status-publish","format-standard","hentry","category-sport","tag-ekstraklasa","tag-pilka-nozna","tag-sport-2","tag-widzew","tag-widzew-korona","tag-widzew-slask","tag-widzew-vukovic-2","post-preview"],"_links":{"self":[{"href":"https:\/\/ryzowaszczotka.pl\/index.php?rest_route=\/wp\/v2\/posts\/11230","targetHints":{"allow":["GET"]}}],"collection":[{"href":"https:\/\/ryzowaszczotka.pl\/index.php?rest_route=\/wp\/v2\/posts"}],"about":[{"href":"https:\/\/ryzowaszczotka.pl\/index.php?rest_route=\/wp\/v2\/types\/post"}],"author":[{"embeddable":true,"href":"https:\/\/ryzowaszczotka.pl\/index.php?rest_route=\/wp\/v2\/users\/1"}],"replies":[{"embeddable":true,"href":"https:\/\/ryzowaszczotka.pl\/index.php?rest_route=%2Fwp%2Fv2%2Fcomments&post=11230"}],"version-history":[{"count":1,"href":"https:\/\/ryzowaszczotka.pl\/index.php?rest_route=\/wp\/v2\/posts\/11230\/revisions"}],"predecessor-version":[{"id":11232,"href":"https:\/\/ryzowaszczotka.pl\/index.php?rest_route=\/wp\/v2\/posts\/11230\/revisions\/11232"}],"wp:attachment":[{"href":"https:\/\/ryzowaszczotka.pl\/index.php?rest_route=%2Fwp%2Fv2%2Fmedia&parent=11230"}],"wp:term":[{"taxonomy":"category","embeddable":true,"href":"https:\/\/ryzowaszczotka.pl\/index.php?rest_route=%2Fwp%2Fv2%2Fcategories&post=11230"},{"taxonomy":"post_tag","embeddable":true,"href":"https:\/\/ryzowaszczotka.pl\/index.php?rest_route=%2Fwp%2Fv2%2Ftags&post=11230"}],"curies":[{"name":"wp","href":"https:\/\/api.w.org\/{rel}","templated":true}]}}