{"id":11251,"date":"2026-08-24T20:23:31","date_gmt":"2026-08-24T18:23:31","guid":{"rendered":"https:\/\/ryzowaszczotka.pl\/?p=11251"},"modified":"2026-08-24T20:23:31","modified_gmt":"2026-08-24T18:23:31","slug":"superpuchar-polski-to-zaklamywanie-lodzkiej-rzeczywistosci-bo-co-tu-kryc-nasze-miasto-to-ziemia-jalowa-meskiej-pilki-recznej","status":"publish","type":"post","link":"https:\/\/ryzowaszczotka.pl\/?p=11251","title":{"rendered":"Superpuchar Polski to&#8230; zak\u0142amywanie \u0141\u00f3dzkiej rzeczywisto\u015bci. Bo co tu kry\u0107: nasze miasto to ziemia ja\u0142owa m\u0119skiej pi\u0142ki r\u0119cznej!"},"content":{"rendered":"\n<figure class=\"wp-block-image size-full\"><img loading=\"lazy\" decoding=\"async\" width=\"800\" height=\"534\" src=\"https:\/\/ryzowaszczotka.pl\/wp-content\/uploads\/2026\/08\/jedraszczyk2.jpg.jpg\" alt=\"\" class=\"wp-image-11252\" srcset=\"https:\/\/ryzowaszczotka.pl\/wp-content\/uploads\/2026\/08\/jedraszczyk2.jpg.jpg 800w, https:\/\/ryzowaszczotka.pl\/wp-content\/uploads\/2026\/08\/jedraszczyk2.jpg-300x200.jpg 300w, https:\/\/ryzowaszczotka.pl\/wp-content\/uploads\/2026\/08\/jedraszczyk2.jpg-767x512.jpg 767w, https:\/\/ryzowaszczotka.pl\/wp-content\/uploads\/2026\/08\/jedraszczyk2.jpg-676x451.jpg 676w\" sizes=\"auto, (max-width: 800px) 100vw, 800px\" \/><\/figure>\n\n\n\n<p class=\"wp-block-paragraph\">Fot. Orlen Superliga<\/p>\n\n\n\n<p class=\"wp-block-paragraph\">29 sierpnia 2026 roku Atlas Arena ponownie wype\u0142ni si\u0119 kibicami, emocjami i atmosfer\u0105 wielkiego \u015bwi\u0119ta pi\u0142ki r\u0119cznej. \u0141\u00f3d\u017a po raz kolejny b\u0119dzie miejscem, gdzie najlepsi spotkaj\u0105 najlepszych.<\/p>\n\n\n\n<p class=\"wp-block-paragraph\">To b\u0119dzie wyj\u0105tkowe wydarzenie dla Piotra J\u0119draszczyka (na zdj\u0119ciu). Rozgrywaj\u0105cy Industrii Kielce, po raz kolejny, wraca do rodzinnej \u0141odzi. Swoje pierwsze handballowe kroki stawia\u0142 w miejscowej Anilanie\u2026 pod okiem swojego taty.<\/p>\n\n\n\n<p class=\"wp-block-paragraph\">Piotr J\u0119draszczyk pierwsze, du\u017ce handballowe sukcesy odnosi\u0142 w Anilanie \u2013 klubie, kt\u00f3ry przez lata wychowa\u0142 co najmniej kilka gwiazd polskiego szczypiorniaka. Anilana z Piotrem J\u0119draszczykiem w sk\u0142adzie, kt\u00f3ra zdoby\u0142a tytu\u0142y mistrza Polski m\u0142odzik\u00f3w, junior\u00f3w m\u0142odszych i junior\u00f3w. Mo\u017ce warto prze\u015bledzi\u0107 to, co si\u0119 sta\u0142o i dlaczego dzi\u015b \u0141\u00f3d\u017a nie jest pot\u0119g\u0105 polskiej pi\u0142ki r\u0119cznej.<\/p>\n\n\n\n<p class=\"wp-block-paragraph\">&#8211; W tym klubie zawsze du\u017cy nacisk by\u0142 po\u0142o\u017cony na szkolenie m\u0142odzie\u017cy. To by\u0142o na pierwszym planie. To dzia\u0142a\u0142o przez wiele lat i przynosi\u0142o takie efekty \u2013 m\u00f3wi Piotr J\u0119draszczyk. kt\u00f3rego wychowa\u0142 i sportowo ukszta\u0142towa\u0142 jego tata &#8211; Adam.<\/p>\n\n\n\n<figure class=\"wp-block-image size-full\"><img loading=\"lazy\" decoding=\"async\" width=\"800\" height=\"1000\" src=\"https:\/\/ryzowaszczotka.pl\/wp-content\/uploads\/2026\/08\/jedraszczyk.png\" alt=\"\" class=\"wp-image-11254\" srcset=\"https:\/\/ryzowaszczotka.pl\/wp-content\/uploads\/2026\/08\/jedraszczyk.png 800w, https:\/\/ryzowaszczotka.pl\/wp-content\/uploads\/2026\/08\/jedraszczyk-240x300.png 240w, https:\/\/ryzowaszczotka.pl\/wp-content\/uploads\/2026\/08\/jedraszczyk-768x960.png 768w, https:\/\/ryzowaszczotka.pl\/wp-content\/uploads\/2026\/08\/jedraszczyk-676x845.png 676w\" sizes=\"auto, (max-width: 800px) 100vw, 800px\" \/><\/figure>\n\n\n\n<p class=\"wp-block-paragraph\">\u2013 Tata wymaga\u0142 ode mnie bardzo du\u017co. Mo\u017ce nawet wi\u0119cej ni\u017c od reszty ch\u0142opak\u00f3w. M\u00f3wi\u0142, \u017ce mam by\u0107 przyk\u0142adem dla innych i zawsze dawa\u0107 z siebie sto procent. Mia\u0142em inspirowa\u0107 reszt\u0119, aby\u015bmy szli w takim kierunku rozwoju. Nie by\u0142o \u0142atwo, wymaga\u0142o to wielu po\u015bwi\u0119ce\u0144. Taka postawa przynios\u0142a jednak pozytywny efekt \u2013 wspomina rozgrywaj\u0105cy Industrii Kielce.<\/p>\n\n\n\n<p class=\"wp-block-paragraph\">Pi\u0119\u0107 lat temu, po debiucie syna w reprezentacji Polski, Adam J\u0119draszczyk wspomina\u0142 pocz\u0105tki: \u2013 On mia\u0142 ju\u017c roczek i biega\u0142 po parkiecie. Je\u017adzi\u0142 ze mn\u0105 na wszystkie obozy. Trenowanie syna nie jest \u0142atw\u0105 spraw\u0105. By\u0142em te\u017c wychowawc\u0105 klasy, wi\u0119c mia\u0142em trzy funkcje na raz. Jemu na pewno by\u0142o bardzo ci\u0119\u017cko. Nie mo\u017cna wielu rzeczy sprzeda\u0107 ojcu, je\u015bli chodzi o dru\u017cyn\u0119, ale nie mo\u017cna te\u017c sprzeda\u0107 zespo\u0142owi tego, co m\u00f3wi si\u0119 w domu. On wiedzia\u0142, co jest najlepsze do utrzymania najlepszych kontakt\u00f3w z ka\u017cd\u0105 ze stron.<\/p>\n\n\n\n<p class=\"wp-block-paragraph\">Industria Kielce wywalczy\u0142a mistrzostwo Polski w przekonuj\u0105cym stylu. Teraz, mierz\u0105c si\u0119 z ORLEN Wis\u0142a P\u0142ock, to ona przyst\u0105pi do wali o Superpuchar w roli delikatnego faworyta. Latem dru\u017cyna Krzysztofa Lijewskiego przejdzie jednak sporo zmian, bo wymieniona zostanie jedna trzecia sk\u0142adu. Mimo, \u017ce to pocz\u0105tek sezonu, Kielczanie licz\u0105 na kolejne trofeum.<\/p>\n\n\n\n<p class=\"wp-block-paragraph\">\u2013 Musimy by\u0107 pewni siebie, ale te\u017c zachowa\u0107 ch\u0142odn\u0105 g\u0142ow\u0119. Sezon dopiero rusza. Przed nami d\u0142ugi okres przygotowawczy, a ten mecz b\u0119dzie pierwszym powa\u017cnym sprawdzianem.<\/p>\n\n\n\n<p class=\"wp-block-paragraph\">My\u015bl\u0119, \u017ce na pewno przyjdzie sporo bliskich mi os\u00f3b. Ju\u017c przed rokiem dopingowali mnie. Teraz b\u0119dzie podobnie. Cz\u0119sto przyje\u017cd\u017caj\u0105 do Kielc i na mecze reprezentacji. To te\u017c motywacja, aby by\u0107 lepszym zawodnikiem &#8211; m\u00f3wi Piotr.<\/p>\n\n\n\n<figure class=\"wp-block-image size-full\"><img loading=\"lazy\" decoding=\"async\" width=\"512\" height=\"640\" src=\"https:\/\/ryzowaszczotka.pl\/wp-content\/uploads\/2026\/08\/superpuchar.jpg\" alt=\"\" class=\"wp-image-11253\" srcset=\"https:\/\/ryzowaszczotka.pl\/wp-content\/uploads\/2026\/08\/superpuchar.jpg 512w, https:\/\/ryzowaszczotka.pl\/wp-content\/uploads\/2026\/08\/superpuchar-240x300.jpg 240w\" sizes=\"auto, (max-width: 512px) 100vw, 512px\" \/><\/figure>\n\n\n\n<p class=\"wp-block-paragraph\">Ca\u0142a ta fajna, sp\u00f3jna sportowa opowie\u015b\u0107 Orlen Superligi zda si\u0119 jednak psu na bud\u0119, gdy pomy\u015bli si\u0119, \u017ce nie ma \u017cadnej, ale to \u017cadnej \u0141\u00f3dzkiej dru\u017cyny w Lidze Centralnej. Jeste\u015bmy prowincj\u0105 prowincji polskiego szczypiorniaka, a przez chwil\u0119 organizuj\u0105c topowe zawody, sadzimy si\u0119 na wielko\u015b\u0107. To pozory, zak\u0142amywanie rzeczywisto\u015bci, bo po prostu \u0141\u00f3d\u017a to ziemia ja\u0142owa m\u0119skiej pi\u0142ki r\u0119cznej!<\/p>\n\n\n\n<p class=\"wp-block-paragraph\"><\/p>\n","protected":false},"excerpt":{"rendered":"<p>Fot. Orlen Superliga 29 sierpnia 2026 roku Atlas Arena ponownie wype\u0142ni si\u0119 kibicami, emocjami i atmosfer\u0105 wielkiego \u015bwi\u0119ta pi\u0142ki r\u0119cznej. \u0141\u00f3d\u017a po raz kolejny b\u0119dzie miejscem, gdzie najlepsi spotkaj\u0105 najlepszych. To b\u0119dzie wyj\u0105tkowe wydarzenie dla Piotra J\u0119draszczyka (na zdj\u0119ciu). Rozgrywaj\u0105cy Industrii Kielce, po raz kolejny, wraca do rodzinnej \u0141odzi. Swoje pierwsze handballowe kroki stawia\u0142 w [&hellip;]<\/p>\n","protected":false},"author":1,"featured_media":0,"comment_status":"open","ping_status":"open","sticky":false,"template":"","format":"standard","meta":{"footnotes":""},"categories":[1],"tags":[593,54,2803,1422,2802,10,2801],"class_list":["post-11251","post","type-post","status-publish","format-standard","hentry","category-sport","tag-anilana-lodz","tag-atlas-arena","tag-orlen-superliga","tag-pilka-reczna","tag-piotr-jedraszczyk","tag-sport-2","tag-superpuchar-polski","post-preview"],"_links":{"self":[{"href":"https:\/\/ryzowaszczotka.pl\/index.php?rest_route=\/wp\/v2\/posts\/11251","targetHints":{"allow":["GET"]}}],"collection":[{"href":"https:\/\/ryzowaszczotka.pl\/index.php?rest_route=\/wp\/v2\/posts"}],"about":[{"href":"https:\/\/ryzowaszczotka.pl\/index.php?rest_route=\/wp\/v2\/types\/post"}],"author":[{"embeddable":true,"href":"https:\/\/ryzowaszczotka.pl\/index.php?rest_route=\/wp\/v2\/users\/1"}],"replies":[{"embeddable":true,"href":"https:\/\/ryzowaszczotka.pl\/index.php?rest_route=%2Fwp%2Fv2%2Fcomments&post=11251"}],"version-history":[{"count":1,"href":"https:\/\/ryzowaszczotka.pl\/index.php?rest_route=\/wp\/v2\/posts\/11251\/revisions"}],"predecessor-version":[{"id":11255,"href":"https:\/\/ryzowaszczotka.pl\/index.php?rest_route=\/wp\/v2\/posts\/11251\/revisions\/11255"}],"wp:attachment":[{"href":"https:\/\/ryzowaszczotka.pl\/index.php?rest_route=%2Fwp%2Fv2%2Fmedia&parent=11251"}],"wp:term":[{"taxonomy":"category","embeddable":true,"href":"https:\/\/ryzowaszczotka.pl\/index.php?rest_route=%2Fwp%2Fv2%2Fcategories&post=11251"},{"taxonomy":"post_tag","embeddable":true,"href":"https:\/\/ryzowaszczotka.pl\/index.php?rest_route=%2Fwp%2Fv2%2Ftags&post=11251"}],"curies":[{"name":"wp","href":"https:\/\/api.w.org\/{rel}","templated":true}]}}